{"id":9204,"date":"2024-08-23T11:36:51","date_gmt":"2024-08-23T11:36:51","guid":{"rendered":"https:\/\/masterpress.com\/visit-masterpress-at-fachpack-2024\/"},"modified":"2024-08-23T11:50:12","modified_gmt":"2024-08-23T11:50:12","slug":"odwiedz-masterpress-na-targach-fachpack-2024","status":"publish","type":"post","link":"https:\/\/masterpress.com\/pl\/odwiedz-masterpress-na-targach-fachpack-2024\/","title":{"rendered":"Odwied\u017a Masterpress na targach FACHPACK 2024!"},"content":{"rendered":"\n<p>Do\u0142\u0105cz do <strong>Masterpress<\/strong> na targach <strong>FACHPACK 2024<\/strong>, kt\u00f3re odb\u0119d\u0105 si\u0119 w dniach <strong>24-26 wrze\u015bnia<\/strong> w Norymberdze. Zaprezentujemy tam nasze najnowsze, <strong>zr\u00f3wnowa\u017cone rozwi\u0105zania opakowaniowe<\/strong> dla bran\u017cy FMCG. Poznaj nasze etykiety samoprzylepne oraz etykiety shrink sleeve, kt\u00f3re stworzone zosta\u0142y z my\u015bl\u0105 o premium brandingu. Porozmawiajmy tak\u017ce o naszych <strong>maszynach do aplikacji etykiet<\/strong> oraz ekologicznych rozwi\u0105zaniach dla <strong>sektora e-commerce<\/strong>.<\/p>\n\n\n\n<p>Z dum\u0105 przedstawimy r\u00f3wnie\u017c dwie <strong>nagrodzone etykiety shrink sleeve<\/strong>,<strong> <\/strong>kt\u00f3re zdoby\u0142y mi\u0119dzynarodowe uznanie w presti\u017cowym konkursie AWA Sleeve Label Awards za wk\u0142ad w zr\u00f3wnowa\u017cony rozw\u00f3j oraz wyj\u0105tkow\u0105 jako\u015b\u0107 i uszlachetnienia drukowe. Ponadto podczas tegorocznego wydarzenia b\u0119dziecie mieli Pa\u0144stwo zobaczy\u0107 nasze innowacyjne <strong>monomateria\u0142owe opakowanie typu pouch<\/strong> \u2014 nowoczesne, ekologiczne rozwi\u0105zanie, kt\u00f3re zapewnia doskona\u0142\u0105 wydajno\u015b\u0107, wspieraj\u0105c jednocze\u015bnie cele zr\u00f3wnowa\u017conego rozwoju.<\/p>\n\n\n\n<p>Odwied\u017a nas w <strong>hali 5, stoisko 5-161<\/strong>, aby dowiedzie\u0107 si\u0119, jak nasze opakowania mog\u0105 pom\u00f3c Twojej marce wyr\u00f3\u017cni\u0107 si\u0119 i odnie\u015b\u0107 sukces na konkurencyjnym rynku FMCG.<\/p>\n\n\n\n<p>Nie przegap tej okazji \u2014 wsp\u00f3lnie kszta\u0142tujmy przysz\u0142o\u015b\u0107 opakowa\u0144!<\/p>\n\n\n\n<figure class=\"wp-block-image size-large is-resized\"><img loading=\"lazy\" decoding=\"async\" width=\"1024\" height=\"1024\" src=\"https:\/\/masterpress.com:443\/wp-content\/uploads\/2024\/08\/Fachpack_Masterpress_www_graphic-1024x1024.png\" alt=\"\" class=\"wp-image-9207\" style=\"width:836px;height:auto\" srcset=\"https:\/\/masterpress.com:443\/wp-content\/uploads\/2024\/08\/Fachpack_Masterpress_www_graphic-1024x1024.png 1024w, https:\/\/masterpress.com:443\/wp-content\/uploads\/2024\/08\/Fachpack_Masterpress_www_graphic-300x300.png 300w, https:\/\/masterpress.com:443\/wp-content\/uploads\/2024\/08\/Fachpack_Masterpress_www_graphic-150x150.png 150w, https:\/\/masterpress.com:443\/wp-content\/uploads\/2024\/08\/Fachpack_Masterpress_www_graphic-768x768.png 768w, https:\/\/masterpress.com:443\/wp-content\/uploads\/2024\/08\/Fachpack_Masterpress_www_graphic-1536x1536.png 1536w, https:\/\/masterpress.com:443\/wp-content\/uploads\/2024\/08\/Fachpack_Masterpress_www_graphic-500x500.png 500w, https:\/\/masterpress.com:443\/wp-content\/uploads\/2024\/08\/Fachpack_Masterpress_www_graphic.png 1755w\" sizes=\"auto, (max-width: 1024px) 100vw, 1024px\" \/><\/figure>\n","protected":false},"excerpt":{"rendered":"<p>Do\u0142\u0105cz do Masterpress na targach FACHPACK 2024, kt\u00f3re odb\u0119d\u0105 si\u0119 w dniach 24-26 wrze\u015bnia w Norymberdze. Zaprezentujemy tam nasze najnowsze, zr\u00f3wnowa\u017cone rozwi\u0105zania opakowaniowe dla bran\u017cy FMCG. Poznaj nasze etykiety samoprzylepne oraz etykiety shrink sleeve, kt\u00f3re stworzone zosta\u0142y z my\u015bl\u0105 o premium brandingu. Porozmawiajmy tak\u017ce o naszych maszynach do aplikacji etykiet oraz ekologicznych rozwi\u0105zaniach dla sektora [&hellip;]<\/p>\n","protected":false},"author":3,"featured_media":9202,"comment_status":"open","ping_status":"open","sticky":false,"template":"","format":"standard","meta":{"footnotes":""},"categories":[29,46],"tags":[],"class_list":["post-9204","post","type-post","status-publish","format-standard","has-post-thumbnail","hentry","category-aktualnosci","category-news-pl"],"acf":[],"_links":{"self":[{"href":"https:\/\/masterpress.com\/pl\/wp-json\/wp\/v2\/posts\/9204","targetHints":{"allow":["GET"]}}],"collection":[{"href":"https:\/\/masterpress.com\/pl\/wp-json\/wp\/v2\/posts"}],"about":[{"href":"https:\/\/masterpress.com\/pl\/wp-json\/wp\/v2\/types\/post"}],"author":[{"embeddable":true,"href":"https:\/\/masterpress.com\/pl\/wp-json\/wp\/v2\/users\/3"}],"replies":[{"embeddable":true,"href":"https:\/\/masterpress.com\/pl\/wp-json\/wp\/v2\/comments?post=9204"}],"version-history":[{"count":2,"href":"https:\/\/masterpress.com\/pl\/wp-json\/wp\/v2\/posts\/9204\/revisions"}],"predecessor-version":[{"id":9235,"href":"https:\/\/masterpress.com\/pl\/wp-json\/wp\/v2\/posts\/9204\/revisions\/9235"}],"wp:featuredmedia":[{"embeddable":true,"href":"https:\/\/masterpress.com\/pl\/wp-json\/wp\/v2\/media\/9202"}],"wp:attachment":[{"href":"https:\/\/masterpress.com\/pl\/wp-json\/wp\/v2\/media?parent=9204"}],"wp:term":[{"taxonomy":"category","embeddable":true,"href":"https:\/\/masterpress.com\/pl\/wp-json\/wp\/v2\/categories?post=9204"},{"taxonomy":"post_tag","embeddable":true,"href":"https:\/\/masterpress.com\/pl\/wp-json\/wp\/v2\/tags?post=9204"}],"curies":[{"name":"wp","href":"https:\/\/api.w.org\/{rel}","templated":true}]}}